{"id":12302,"date":"2023-07-18T17:42:27","date_gmt":"2023-07-18T21:42:27","guid":{"rendered":"https:\/\/munipumanque.cl\/new\/?p=12302"},"modified":"2023-07-19T11:05:39","modified_gmt":"2023-07-19T15:05:39","slug":"exitosa-jornada-deportiva-recreativa-tuvieron-a-ninos-de-la-comuna","status":"publish","type":"post","link":"https:\/\/munipumanque.cl\/new\/exitosa-jornada-deportiva-recreativa-tuvieron-a-ninos-de-la-comuna\/","title":{"rendered":"Exitosa Jornada Deportiva Recreativa tuvieron ni\u00f1os de la comuna."},"content":{"rendered":"\n<p><em>Las actividades se realizaron en el gimnasio municipal de Pumanque.<\/em><\/p>\n\n\n\n<p><\/p>\n\n\n\n<p>Una concurrida Jornada Deportiva Recreativa tuvieron ni\u00f1as, ni\u00f1os y j\u00f3venes, como parte de las actividades pensadas para ellos en vacaciones de invierno, por parte de la Municipalidad.<\/p>\n\n\n\n<p>A la cita, realizada en el gimnasio municipal de Pumanque, llegaron cerca de un centenar de vecinos, donde pudieron disfrutar de juegos inflables, taca-taca, camas el\u00e1sticas, tenis f\u00fatbol, mini b\u00e1squet entre otras entretenciones. Los asistentes, adem\u00e1s, recibieron colaciones y morrales.&nbsp;<\/p>\n\n\n\n<p>La actividad tuvo la presencia del alcalde Don Gonzalo Baraona Bezanilla, qui\u00e9n comparti\u00f3 con las familias presentes y destac\u00f3 la convocatoria del encuentro, al tiempo de destacar este tipo de instancias que tan bien le hacen a los ni\u00f1os en esta edad, ayudando as\u00ed a educar en actividades deportivas y mejorar la salud.<\/p>\n\n\n\n<p>La jornada fue organizada por los Departamentos de Deportes, Fomento Productivo y Salud, y tuvo como foco entregar un espacio de recreaci\u00f3n a los pumanquinos que estando de vacaciones, tienen poco acceso a este tipo de actividades, sumado a la idea de crear en ellos h\u00e1bitos de vida sana y saludable.<\/p>\n","protected":false},"excerpt":{"rendered":"Las actividades se realizaron en el gimnasio municipal de Pumanque. Una concurrida Jornada Deportiva Recreativa tuvieron ni\u00f1as, ni\u00f1os y j\u00f3venes, como parte de las actividades pensadas para ellos en vacaciones [&hellip;]","protected":false},"author":10,"featured_media":12303,"comment_status":"closed","ping_status":"closed","sticky":false,"template":"","format":"standard","meta":{"footnotes":""},"categories":[8],"tags":[],"class_list":["post-12302","post","type-post","status-publish","format-standard","has-post-thumbnail","hentry","category-noticias"],"jetpack_featured_media_url":"https:\/\/i0.wp.com\/munipumanque.cl\/new\/wp-content\/uploads\/2023\/07\/Jornada.jpg?fit=960%2C720&ssl=1","_links":{"self":[{"href":"https:\/\/munipumanque.cl\/new\/wp-json\/wp\/v2\/posts\/12302","targetHints":{"allow":["GET"]}}],"collection":[{"href":"https:\/\/munipumanque.cl\/new\/wp-json\/wp\/v2\/posts"}],"about":[{"href":"https:\/\/munipumanque.cl\/new\/wp-json\/wp\/v2\/types\/post"}],"author":[{"embeddable":true,"href":"https:\/\/munipumanque.cl\/new\/wp-json\/wp\/v2\/users\/10"}],"replies":[{"embeddable":true,"href":"https:\/\/munipumanque.cl\/new\/wp-json\/wp\/v2\/comments?post=12302"}],"version-history":[{"count":2,"href":"https:\/\/munipumanque.cl\/new\/wp-json\/wp\/v2\/posts\/12302\/revisions"}],"predecessor-version":[{"id":12305,"href":"https:\/\/munipumanque.cl\/new\/wp-json\/wp\/v2\/posts\/12302\/revisions\/12305"}],"wp:featuredmedia":[{"embeddable":true,"href":"https:\/\/munipumanque.cl\/new\/wp-json\/wp\/v2\/media\/12303"}],"wp:attachment":[{"href":"https:\/\/munipumanque.cl\/new\/wp-json\/wp\/v2\/media?parent=12302"}],"wp:term":[{"taxonomy":"category","embeddable":true,"href":"https:\/\/munipumanque.cl\/new\/wp-json\/wp\/v2\/categories?post=12302"},{"taxonomy":"post_tag","embeddable":true,"href":"https:\/\/munipumanque.cl\/new\/wp-json\/wp\/v2\/tags?post=12302"}],"curies":[{"name":"wp","href":"https:\/\/api.w.org\/{rel}","templated":true}]}}