{"id":12395,"date":"2023-12-11T19:37:44","date_gmt":"2023-12-11T22:37:44","guid":{"rendered":"https:\/\/munipumanque.cl\/new\/?p=12395"},"modified":"2023-12-11T19:37:58","modified_gmt":"2023-12-11T22:37:58","slug":"pumanque-inauguro-emblematicos-corredores-patrimoniales-destruidos-por-terremoto-2010","status":"publish","type":"post","link":"https:\/\/munipumanque.cl\/new\/noticias\/2023\/12\/11\/pumanque-inauguro-emblematicos-corredores-patrimoniales-destruidos-por-terremoto-2010\/","title":{"rendered":"Pumanque inaugur\u00f3 emblem\u00e1ticos corredores patrimoniales destruidos por terremoto 2010"},"content":{"rendered":"\n<p><em>Casi 14 a\u00f1os pasaron para que la comuna volviera a lucir sus antiguas construcciones. El proyecto alcanz\u00f3 una inversi\u00f3n total de $482.816.478 financiada por la Subdere y el Gobierno Regional de O\u2019Higgins.<\/em><\/p>\n\n\n\n<p>La comuna de Pumanque inaugur\u00f3 sus emblem\u00e1ticos corredores patrimoniales que fueron totalmente destruidos con el terremoto 2010, con la asistencia de importantes autoridades nacionales y regionales.<\/p>\n\n\n\n<p>A casi 14 a\u00f1os de ese evento, los centenarios pasadizos que fueron el paso de miles de pumanquinos por a\u00f1os, vuelven a recibir a sus vecinos y con ello, el rescate material que tanto identifica a sus vecinos.<\/p>\n\n\n\n<p>Estas construcciones que, dice la historia, comenzaron siendo posadas para los viajeros antes de la Colonia, fueron constituy\u00e9ndose en un lugar de encuentro, de conversaci\u00f3n y de identidad para Pumanque. De ah\u00ed la importancia de su reconstrucci\u00f3n.<\/p>\n\n\n\n<p>Seg\u00fan expres\u00f3 el Alcalde Gonzalo Baraona, \u201cla reconstrucci\u00f3n de estos corredores patrimoniales es un anhelo de a\u00f1os de los vecinos; es volver a encontrar con el pasado y la historia misma de la comuna, por eso es que estamos contentos de volver a vivir y valorar estas construcciones que tanto identifican a Pumanque. Adem\u00e1s, es poner en valor el patrimonio material e inmaterial de esta comuna, dada la identificaci\u00f3n que significa para nuestra gente\u201d.<\/p>\n\n\n\n<p>Por su parte, el Gobernador Pablo Silva Amaya, destac\u00f3 que con esta inauguraci\u00f3n podemos promocionar la regi\u00f3n de O\u2019Higgins. Son maravillosos y ah\u00ed destacar el trabajo que ha hecho el alcalde Baraona por llevar adelante este proyecto. Realmente nos sentimos orgullosos de esta maravillosa obra que queremos promocionar en la regi\u00f3n. Encantado de estar en esta inauguraci\u00f3n\u201d.<\/p>\n\n\n\n<p>Asimismo, la jefa de la Unidad Regional de la Subdere O\u2019Higgins, Pamela Caro, destac\u00f3 que \u201cfeliz de poder estar en este bella como de Pumanque y haber contribuido como Subdere y Ministerio del Interior con recursos para reconstruir estos precios corredores, que son tan identitarios de la comuna. Estamos contentos en construir a la comuna en el hermoseamiento del espacio p\u00fablico\u201d.<\/p>\n\n\n\n<p>El proyecto de reposici\u00f3n de los corredores patrimoniales de Pumanque comenz\u00f3 en noviembre del 2021 y contempl\u00f3 una inversi\u00f3n total de $482.816.478, la que fue financiada por la Subsecretar\u00eda de Desarrollo Regional y el Gobierno Regional de O\u2019Higgins.&nbsp;<\/p>\n","protected":false},"excerpt":{"rendered":"Casi 14 a\u00f1os pasaron para que la comuna volviera a lucir sus antiguas construcciones. El proyecto alcanz\u00f3 una inversi\u00f3n total de $482.816.478 financiada por la Subdere y el Gobierno Regional [&hellip;]","protected":false},"author":10,"featured_media":12396,"comment_status":"closed","ping_status":"closed","sticky":false,"template":"","format":"standard","meta":{"ngg_post_thumbnail":0,"footnotes":""},"categories":[8],"tags":[],"class_list":["post-12395","post","type-post","status-publish","format-standard","has-post-thumbnail","hentry","category-noticias"],"aioseo_notices":[],"jetpack_featured_media_url":"https:\/\/i0.wp.com\/munipumanque.cl\/new\/wp-content\/uploads\/2023\/12\/IMG_7560.jpg?fit=1000%2C561&ssl=1","_links":{"self":[{"href":"https:\/\/munipumanque.cl\/new\/wp-json\/wp\/v2\/posts\/12395","targetHints":{"allow":["GET"]}}],"collection":[{"href":"https:\/\/munipumanque.cl\/new\/wp-json\/wp\/v2\/posts"}],"about":[{"href":"https:\/\/munipumanque.cl\/new\/wp-json\/wp\/v2\/types\/post"}],"author":[{"embeddable":true,"href":"https:\/\/munipumanque.cl\/new\/wp-json\/wp\/v2\/users\/10"}],"replies":[{"embeddable":true,"href":"https:\/\/munipumanque.cl\/new\/wp-json\/wp\/v2\/comments?post=12395"}],"version-history":[{"count":1,"href":"https:\/\/munipumanque.cl\/new\/wp-json\/wp\/v2\/posts\/12395\/revisions"}],"predecessor-version":[{"id":12397,"href":"https:\/\/munipumanque.cl\/new\/wp-json\/wp\/v2\/posts\/12395\/revisions\/12397"}],"wp:featuredmedia":[{"embeddable":true,"href":"https:\/\/munipumanque.cl\/new\/wp-json\/wp\/v2\/media\/12396"}],"wp:attachment":[{"href":"https:\/\/munipumanque.cl\/new\/wp-json\/wp\/v2\/media?parent=12395"}],"wp:term":[{"taxonomy":"category","embeddable":true,"href":"https:\/\/munipumanque.cl\/new\/wp-json\/wp\/v2\/categories?post=12395"},{"taxonomy":"post_tag","embeddable":true,"href":"https:\/\/munipumanque.cl\/new\/wp-json\/wp\/v2\/tags?post=12395"}],"curies":[{"name":"wp","href":"https:\/\/api.w.org\/{rel}","templated":true}]}}