{"id":12401,"date":"2024-01-03T18:07:32","date_gmt":"2024-01-03T21:07:32","guid":{"rendered":"https:\/\/munipumanque.cl\/new\/?p=12401"},"modified":"2024-01-03T18:07:35","modified_gmt":"2024-01-03T21:07:35","slug":"primer-concierto-banda-instrumental-juvenil-de-pumanque","status":"publish","type":"post","link":"https:\/\/munipumanque.cl\/new\/noticias\/2024\/01\/03\/primer-concierto-banda-instrumental-juvenil-de-pumanque\/","title":{"rendered":"Primer Concierto Banda Instrumental Juvenil de Pumanque"},"content":{"rendered":"\n<p><em>A la actividad llegaron alrededor de 200 vecinos a disfrutar de la presentaci\u00f3n.<\/em><\/p>\n\n\n\n<p>Una aplaudida y emocionante presentaci\u00f3n tuvo el Primer Concierto que la Banda Instrumental Juvenil de Pumanque ofreci\u00f3 a la comunidad, al que asistieron m\u00e1s de 200 personas al frontis de la Parroquia de Pumanque.<\/p>\n\n\n\n<p>Creada en 2022 bajo la administraci\u00f3n del Alcalde Gonzalo Baraona Bezanilla, la orquesta comenz\u00f3 a ensayar reci\u00e9n en 2023, bajo la direcci\u00f3n del profesor Carlos Weber Brown. Est\u00e1 integrada por alrededor de 20 j\u00f3venes.<\/p>\n\n\n\n<p>Seg\u00fan coment\u00f3 el edil, \u201cel desarrollo de la m\u00fasica en sus distintas expresiones y que la comuna tenga por primera vez en su historia este tipo de orquestas, llena de orgullo a sus habitantes y es una muestra m\u00e1s del talento local que tenemos. Seguimos avanzando para que cada vecino tenga un lugar donde desarrollarse\u201d.<\/p>\n\n\n\n<p>Estuvieron presentes en la actividad el Alcalde Baraona; los concejales Emilio Soto Cornejo, Jos\u00e9 Luis Belmar Villal\u00f3n, Sergio Duque Rebolledo y Eduardo Silva Mart\u00ednez, padres de los ni\u00f1os\/as y j\u00f3venes, y vecinos de la comuna.<\/p>\n","protected":false},"excerpt":{"rendered":"A la actividad llegaron alrededor de 200 vecinos a disfrutar de la presentaci\u00f3n. Una aplaudida y emocionante presentaci\u00f3n tuvo el Primer Concierto que la Banda Instrumental Juvenil de Pumanque ofreci\u00f3 [&hellip;]","protected":false},"author":10,"featured_media":12402,"comment_status":"closed","ping_status":"closed","sticky":false,"template":"","format":"standard","meta":{"ngg_post_thumbnail":0,"footnotes":""},"categories":[8],"tags":[],"class_list":["post-12401","post","type-post","status-publish","format-standard","has-post-thumbnail","hentry","category-noticias"],"aioseo_notices":[],"jetpack_featured_media_url":"https:\/\/i0.wp.com\/munipumanque.cl\/new\/wp-content\/uploads\/2024\/01\/Banda-1.jpg?fit=1000%2C750&ssl=1","_links":{"self":[{"href":"https:\/\/munipumanque.cl\/new\/wp-json\/wp\/v2\/posts\/12401","targetHints":{"allow":["GET"]}}],"collection":[{"href":"https:\/\/munipumanque.cl\/new\/wp-json\/wp\/v2\/posts"}],"about":[{"href":"https:\/\/munipumanque.cl\/new\/wp-json\/wp\/v2\/types\/post"}],"author":[{"embeddable":true,"href":"https:\/\/munipumanque.cl\/new\/wp-json\/wp\/v2\/users\/10"}],"replies":[{"embeddable":true,"href":"https:\/\/munipumanque.cl\/new\/wp-json\/wp\/v2\/comments?post=12401"}],"version-history":[{"count":1,"href":"https:\/\/munipumanque.cl\/new\/wp-json\/wp\/v2\/posts\/12401\/revisions"}],"predecessor-version":[{"id":12403,"href":"https:\/\/munipumanque.cl\/new\/wp-json\/wp\/v2\/posts\/12401\/revisions\/12403"}],"wp:featuredmedia":[{"embeddable":true,"href":"https:\/\/munipumanque.cl\/new\/wp-json\/wp\/v2\/media\/12402"}],"wp:attachment":[{"href":"https:\/\/munipumanque.cl\/new\/wp-json\/wp\/v2\/media?parent=12401"}],"wp:term":[{"taxonomy":"category","embeddable":true,"href":"https:\/\/munipumanque.cl\/new\/wp-json\/wp\/v2\/categories?post=12401"},{"taxonomy":"post_tag","embeddable":true,"href":"https:\/\/munipumanque.cl\/new\/wp-json\/wp\/v2\/tags?post=12401"}],"curies":[{"name":"wp","href":"https:\/\/api.w.org\/{rel}","templated":true}]}}