{"id":12434,"date":"2024-03-06T18:22:46","date_gmt":"2024-03-06T21:22:46","guid":{"rendered":"https:\/\/munipumanque.cl\/new\/?p=12434"},"modified":"2024-03-06T18:22:56","modified_gmt":"2024-03-06T21:22:56","slug":"mas-de-tres-mil-asistentes-fueron-parte-de-los-veranos-artisticos-se-viven-en-tu-barrio-2024","status":"publish","type":"post","link":"https:\/\/munipumanque.cl\/new\/mas-de-tres-mil-asistentes-fueron-parte-de-los-veranos-artisticos-se-viven-en-tu-barrio-2024\/","title":{"rendered":"M\u00e1s de tres mil asistentes fueron parte de los \u201cVeranos Art\u00edsticos se Viven en Tu Barrio\u201d 2024"},"content":{"rendered":"\n<p><em>Los eventos se desarrollaron en diez sectores de la comuna los meses de enero, febrero y marzo.<\/em><\/p>\n\n\n\n<p>Gran convocatoria tuvo los Festivales Art\u00edsticos se Viven en T\u00fa Barrio 2024 desarrollados en diez localidades de la comuna, que tuvo por objetivo llevar la cultura y la m\u00fasica a cada rinc\u00f3n de Pumanque.<\/p>\n\n\n\n<p>En todos los eventos fueron m\u00e1s de tres mil las personas que celebraron, bailaron y rieron con distintos grupos musicales, solistas y grupos folcl\u00f3ricos, sumado a emprendimientos y cocinar\u00eda local.<\/p>\n\n\n\n<p>El Alcalde Gonzalo Baraona agradeci\u00f3 a los pumanquinos y amigos de Pumanque y otras comunas que asistieron, por el respeto y amabilidad mostrada en cada uno de los shows, el que busc\u00f3 llevar un momento de entretenimiento a todos quienes all\u00ed estuvieron.<\/p>\n\n\n\n<p>Puntualiz\u00f3 que \u201cestas actividades celebran a nuestra tierra, pero tambi\u00e9n son un momento de esparcimiento y alegr\u00eda a quienes nos visitan. Trabajamos semanas para dar vida a este show y los eventos que este a\u00f1o llegaron a diez sectores de Pumanque. Con esto no s\u00f3lo nos aceramos como municipio a los vecinos, sino que tambi\u00e9n da espacio para que junta de vecinos y emprendedores vendan sus productos donde se realizan los festivales de verano\u201d.<\/p>\n\n\n\n<p>Finalmente, el Alcalde Baraona realiz\u00f3 un llamado a vecinos y a quienes quieran saber del campo y sus quehaceres a la gran jornada que prepara la Municipalidad, como es el Tercer Encuentro de Costumbres Campesinas y del Vino Pumanque 2024, que se realizar\u00e1 el s\u00e1bado seis de abril, desde las 11:00 horas en la Cancha Alternativa, con entrada totalmente gratuita.<\/p>\n","protected":false},"excerpt":{"rendered":"Los eventos se desarrollaron en diez sectores de la comuna los meses de enero, febrero y marzo. Gran convocatoria tuvo los Festivales Art\u00edsticos se Viven en T\u00fa Barrio 2024 desarrollados [&hellip;]","protected":false},"author":10,"featured_media":12435,"comment_status":"closed","ping_status":"closed","sticky":false,"template":"","format":"standard","meta":{"ngg_post_thumbnail":0,"footnotes":""},"categories":[8],"tags":[],"class_list":["post-12434","post","type-post","status-publish","format-standard","has-post-thumbnail","hentry","category-noticias"],"jetpack_featured_media_url":"https:\/\/i0.wp.com\/munipumanque.cl\/new\/wp-content\/uploads\/2024\/03\/IMG_6914.jpg?fit=1000%2C561&ssl=1","_links":{"self":[{"href":"https:\/\/munipumanque.cl\/new\/wp-json\/wp\/v2\/posts\/12434","targetHints":{"allow":["GET"]}}],"collection":[{"href":"https:\/\/munipumanque.cl\/new\/wp-json\/wp\/v2\/posts"}],"about":[{"href":"https:\/\/munipumanque.cl\/new\/wp-json\/wp\/v2\/types\/post"}],"author":[{"embeddable":true,"href":"https:\/\/munipumanque.cl\/new\/wp-json\/wp\/v2\/users\/10"}],"replies":[{"embeddable":true,"href":"https:\/\/munipumanque.cl\/new\/wp-json\/wp\/v2\/comments?post=12434"}],"version-history":[{"count":1,"href":"https:\/\/munipumanque.cl\/new\/wp-json\/wp\/v2\/posts\/12434\/revisions"}],"predecessor-version":[{"id":12436,"href":"https:\/\/munipumanque.cl\/new\/wp-json\/wp\/v2\/posts\/12434\/revisions\/12436"}],"wp:featuredmedia":[{"embeddable":true,"href":"https:\/\/munipumanque.cl\/new\/wp-json\/wp\/v2\/media\/12435"}],"wp:attachment":[{"href":"https:\/\/munipumanque.cl\/new\/wp-json\/wp\/v2\/media?parent=12434"}],"wp:term":[{"taxonomy":"category","embeddable":true,"href":"https:\/\/munipumanque.cl\/new\/wp-json\/wp\/v2\/categories?post=12434"},{"taxonomy":"post_tag","embeddable":true,"href":"https:\/\/munipumanque.cl\/new\/wp-json\/wp\/v2\/tags?post=12434"}],"curies":[{"name":"wp","href":"https:\/\/api.w.org\/{rel}","templated":true}]}}