{"id":12460,"date":"2024-08-05T16:13:24","date_gmt":"2024-08-05T20:13:24","guid":{"rendered":"https:\/\/munipumanque.cl\/new\/?p=12460"},"modified":"2024-08-05T16:13:27","modified_gmt":"2024-08-05T20:13:27","slug":"alegre-y-participativa-celebracion-del-dia-del-nino-a-en-nilahue-cornejo","status":"publish","type":"post","link":"https:\/\/munipumanque.cl\/new\/alegre-y-participativa-celebracion-del-dia-del-nino-a-en-nilahue-cornejo\/","title":{"rendered":"Alegre y participativa celebraci\u00f3n del D\u00eda del Ni\u00f1o\/a en Nilahue Cornejo"},"content":{"rendered":"\n<p><em>La actividad cont\u00f3 con m\u00e1s de 150 asistentes en el gimnasio municipal de la localidad.<\/em><\/p>\n\n\n\n<p>Una alegre y colorida fiesta del D\u00eda de Ni\u00f1o\/a realiz\u00f3 la Municipalidad en Nilahue Cornejo, en la que estuvo presente el Alcalde Gonzalo Baraona Bezanilla y a la que llegaron m\u00e1s de 150 ni\u00f1os y ni\u00f1as.<\/p>\n\n\n\n<p>La jornada tuvo diversos juegos inflables, toro mec\u00e1nico, taca-taca y otros entretenimientos, acompa\u00f1ado de concurso, animaci\u00f3n, regalos y colaci\u00f3n.<\/p>\n\n\n\n<p>Los padres de los ni\u00f1os\/as tambi\u00e9n fueron parte de la celebraci\u00f3n, lo que gener\u00f3 un ambiente alegre y de familiaridad. Agradecer a los funcionarios municipales que fueron parte de la actividad.<\/p>\n\n\n\n<p>Seg\u00fan coment\u00f3 el Alcalde, \u201cla idea de la Municipalidad es ampliar y hacer extensiva estas celebraciones a todos nuestros ni\u00f1os. Llegar a distintos lugares con juegos, m\u00fasica, color y alegr\u00eda, es algo que buscaremos siempre porque nuestros ni\u00f1os y ni\u00f1as se lo merecen, adem\u00e1s de ser bueno para que tengan espacios de recreaci\u00f3n y compartir con sus amigos\u201d.&nbsp;<\/p>\n","protected":false},"excerpt":{"rendered":"La actividad cont\u00f3 con m\u00e1s de 150 asistentes en el gimnasio municipal de la localidad. Una alegre y colorida fiesta del D\u00eda de Ni\u00f1o\/a realiz\u00f3 la Municipalidad en Nilahue Cornejo, [&hellip;]","protected":false},"author":10,"featured_media":12461,"comment_status":"closed","ping_status":"closed","sticky":false,"template":"","format":"standard","meta":{"ngg_post_thumbnail":0,"footnotes":""},"categories":[8],"tags":[],"class_list":["post-12460","post","type-post","status-publish","format-standard","has-post-thumbnail","hentry","category-noticias"],"jetpack_featured_media_url":"https:\/\/i0.wp.com\/munipumanque.cl\/new\/wp-content\/uploads\/2024\/08\/Dia-del-Nino-NC.jpg?fit=1000%2C561&ssl=1","_links":{"self":[{"href":"https:\/\/munipumanque.cl\/new\/wp-json\/wp\/v2\/posts\/12460","targetHints":{"allow":["GET"]}}],"collection":[{"href":"https:\/\/munipumanque.cl\/new\/wp-json\/wp\/v2\/posts"}],"about":[{"href":"https:\/\/munipumanque.cl\/new\/wp-json\/wp\/v2\/types\/post"}],"author":[{"embeddable":true,"href":"https:\/\/munipumanque.cl\/new\/wp-json\/wp\/v2\/users\/10"}],"replies":[{"embeddable":true,"href":"https:\/\/munipumanque.cl\/new\/wp-json\/wp\/v2\/comments?post=12460"}],"version-history":[{"count":1,"href":"https:\/\/munipumanque.cl\/new\/wp-json\/wp\/v2\/posts\/12460\/revisions"}],"predecessor-version":[{"id":12462,"href":"https:\/\/munipumanque.cl\/new\/wp-json\/wp\/v2\/posts\/12460\/revisions\/12462"}],"wp:featuredmedia":[{"embeddable":true,"href":"https:\/\/munipumanque.cl\/new\/wp-json\/wp\/v2\/media\/12461"}],"wp:attachment":[{"href":"https:\/\/munipumanque.cl\/new\/wp-json\/wp\/v2\/media?parent=12460"}],"wp:term":[{"taxonomy":"category","embeddable":true,"href":"https:\/\/munipumanque.cl\/new\/wp-json\/wp\/v2\/categories?post=12460"},{"taxonomy":"post_tag","embeddable":true,"href":"https:\/\/munipumanque.cl\/new\/wp-json\/wp\/v2\/tags?post=12460"}],"curies":[{"name":"wp","href":"https:\/\/api.w.org\/{rel}","templated":true}]}}