{"id":12466,"date":"2024-09-11T10:03:56","date_gmt":"2024-09-11T13:03:56","guid":{"rendered":"https:\/\/munipumanque.cl\/new\/?p=12466"},"modified":"2024-09-11T10:03:58","modified_gmt":"2024-09-11T13:03:58","slug":"mas-de-300-personas-mayores-celebraron-pasando-agosto","status":"publish","type":"post","link":"https:\/\/munipumanque.cl\/new\/mas-de-300-personas-mayores-celebraron-pasando-agosto\/","title":{"rendered":"M\u00e1s de 300 personas mayores celebraron \u201cPasando Agosto\u201d"},"content":{"rendered":"\n<p><em>La actividad, desarrollada en el gimnasio municipal, fue todo un \u00e9xito en participaci\u00f3n.<\/em><\/p>\n\n\n\n<p>M\u00e1s de 300 personas mayores de distintas localidades de la comuna llegaron al gimnasio municipal de Pumanque a celebrar la actividad \u201cPasando Agosto\u201d.<\/p>\n\n\n\n<p>El almuerzo preparado por la Municipalidad cont\u00f3 tambi\u00e9n con artistas que dieron vida al encuentro, el cual busc\u00f3 dar un momento de esparcimiento y entretenci\u00f3n a las personas mayores que tanto han contribuido al crecimiento de su territorio.<\/p>\n\n\n\n<p>Sumado a ello, se busc\u00f3 afianzar el trabajo que realiza el municipio en cada una de sus organizaciones.<\/p>\n\n\n\n<p>Asistieron a la celebraci\u00f3n el Alcalde Gonzalo Baraona y los concejales Emilio Soto, Jos\u00e9 Luis Belmar y Eduardo Silva.<\/p>\n\n\n\n<p>Gracias,&nbsp;<\/p>\n","protected":false},"excerpt":{"rendered":"La actividad, desarrollada en el gimnasio municipal, fue todo un \u00e9xito en participaci\u00f3n. M\u00e1s de 300 personas mayores de distintas localidades de la comuna llegaron al gimnasio municipal de Pumanque [&hellip;]","protected":false},"author":10,"featured_media":12467,"comment_status":"closed","ping_status":"closed","sticky":false,"template":"","format":"standard","meta":{"ngg_post_thumbnail":0,"footnotes":""},"categories":[8],"tags":[],"class_list":["post-12466","post","type-post","status-publish","format-standard","has-post-thumbnail","hentry","category-noticias"],"jetpack_featured_media_url":"https:\/\/i0.wp.com\/munipumanque.cl\/new\/wp-content\/uploads\/2024\/09\/IMG_2773.jpg?fit=1000%2C561&ssl=1","_links":{"self":[{"href":"https:\/\/munipumanque.cl\/new\/wp-json\/wp\/v2\/posts\/12466","targetHints":{"allow":["GET"]}}],"collection":[{"href":"https:\/\/munipumanque.cl\/new\/wp-json\/wp\/v2\/posts"}],"about":[{"href":"https:\/\/munipumanque.cl\/new\/wp-json\/wp\/v2\/types\/post"}],"author":[{"embeddable":true,"href":"https:\/\/munipumanque.cl\/new\/wp-json\/wp\/v2\/users\/10"}],"replies":[{"embeddable":true,"href":"https:\/\/munipumanque.cl\/new\/wp-json\/wp\/v2\/comments?post=12466"}],"version-history":[{"count":1,"href":"https:\/\/munipumanque.cl\/new\/wp-json\/wp\/v2\/posts\/12466\/revisions"}],"predecessor-version":[{"id":12468,"href":"https:\/\/munipumanque.cl\/new\/wp-json\/wp\/v2\/posts\/12466\/revisions\/12468"}],"wp:featuredmedia":[{"embeddable":true,"href":"https:\/\/munipumanque.cl\/new\/wp-json\/wp\/v2\/media\/12467"}],"wp:attachment":[{"href":"https:\/\/munipumanque.cl\/new\/wp-json\/wp\/v2\/media?parent=12466"}],"wp:term":[{"taxonomy":"category","embeddable":true,"href":"https:\/\/munipumanque.cl\/new\/wp-json\/wp\/v2\/categories?post=12466"},{"taxonomy":"post_tag","embeddable":true,"href":"https:\/\/munipumanque.cl\/new\/wp-json\/wp\/v2\/tags?post=12466"}],"curies":[{"name":"wp","href":"https:\/\/api.w.org\/{rel}","templated":true}]}}