{"id":12516,"date":"2024-12-10T12:09:50","date_gmt":"2024-12-10T15:09:50","guid":{"rendered":"https:\/\/munipumanque.cl\/new\/?p=12516"},"modified":"2024-12-10T12:09:53","modified_gmt":"2024-12-10T15:09:53","slug":"honorable-concejo-municipal-periodo-2024-2028","status":"publish","type":"post","link":"https:\/\/munipumanque.cl\/new\/noticias\/2024\/12\/10\/honorable-concejo-municipal-periodo-2024-2028\/","title":{"rendered":"HONORABLE CONCEJO MUNICIPAL PER\u00cdODO 2024 \u2013 2028"},"content":{"rendered":"\n<p>En una republicana, solemne y concurrida ceremonia, este seis de diciembre asumi\u00f3 el Concejo Municipal 2024-2028 de la comuna de Pumanque, el que estar\u00e1 presidido por el Alcalde Gonzalo Baraona Bezanilla, quien de manos de su esposa, jur\u00f3 ante Dios, la Patria y Pumanque. &nbsp;<\/p>\n\n\n\n<p>Los concejales electos y que juraron fueron: Jos\u00e9 Luis Belmar Villal\u00f3n, William Alejandro Jorquera Reyes, \u00c1ngel Emilio Soto Cornejo, Marco Antonio Carre\u00f1o Gonz\u00e1lez, Carlos Alberto Cabrera Fa\u00fandez y Luis Orlando Brito Galaz, quienes estuvieron acompa\u00f1ados de sus familias.<\/p>\n\n\n\n<p>La ceremonia, dirigida por la secretaria municipal (s), Claudia Morales Bravo, se realiz\u00f3 en la Municipalidad y cont\u00f3 con la presencia de autoridades locales, directores de \u00e1rea del municipio, dirigentes sociales, familiares y funcionarios municipales.<\/p>\n\n\n\n<p>El edil en su mensaje expres\u00f3 palabras de \u00e9xitos a todos quienes forman parte de este concejo y los inst\u00f3 a un trabajo conjunto por el bien de la comuna, a su vez, invit\u00f3 y solicit\u00f3 a los funcionarios p\u00fablicos a seguir siempre mejorando con la idea de poner por delante el bienestar de Pumanque y sus familias, \u201cestos cuatro a\u00f1os ser\u00e1n de gran crecimiento y desarrollo para mi amada comuna y su gente\u201d, expres\u00f3.<\/p>\n\n\n\n<p>En la ocasi\u00f3n se entreg\u00f3 reconocimiento por su labor, a los ex concejales Luis Alberto Acevedo Parraguez y Sergio Duque Rebolledo.<\/p>\n\n\n\n<figure class=\"wp-block-gallery has-nested-images columns-default is-cropped wp-block-gallery-1 is-layout-flex wp-block-gallery-is-layout-flex\">\n<figure class=\"wp-block-image size-large\"><img data-recalc-dims=\"1\" loading=\"lazy\" decoding=\"async\" width=\"1080\" height=\"1080\" data-id=\"12511\" src=\"https:\/\/i0.wp.com\/munipumanque.cl\/new\/wp-content\/uploads\/2024\/12\/nuevo-concejo-imagen.jpg?resize=1080%2C1080&#038;ssl=1\" alt=\"\" class=\"wp-image-12511\" srcset=\"https:\/\/i0.wp.com\/munipumanque.cl\/new\/wp-content\/uploads\/2024\/12\/nuevo-concejo-imagen.jpg?w=1080&amp;ssl=1 1080w, https:\/\/i0.wp.com\/munipumanque.cl\/new\/wp-content\/uploads\/2024\/12\/nuevo-concejo-imagen.jpg?resize=768%2C768&amp;ssl=1 768w, https:\/\/i0.wp.com\/munipumanque.cl\/new\/wp-content\/uploads\/2024\/12\/nuevo-concejo-imagen.jpg?resize=64%2C64&amp;ssl=1 64w\" sizes=\"auto, (max-width: 1000px) 100vw, 1000px\" \/><\/figure>\n\n\n\n<figure class=\"wp-block-image size-large\"><img data-recalc-dims=\"1\" loading=\"lazy\" decoding=\"async\" width=\"800\" height=\"449\" data-id=\"12503\" src=\"https:\/\/i0.wp.com\/munipumanque.cl\/new\/wp-content\/uploads\/2024\/12\/alcalde-jurando.jpg?resize=800%2C449&#038;ssl=1\" alt=\"\" class=\"wp-image-12503\" srcset=\"https:\/\/i0.wp.com\/munipumanque.cl\/new\/wp-content\/uploads\/2024\/12\/alcalde-jurando.jpg?w=800&amp;ssl=1 800w, https:\/\/i0.wp.com\/munipumanque.cl\/new\/wp-content\/uploads\/2024\/12\/alcalde-jurando.jpg?resize=768%2C431&amp;ssl=1 768w\" sizes=\"auto, (max-width: 800px) 100vw, 800px\" \/><\/figure>\n\n\n\n<figure class=\"wp-block-image size-large\"><img data-recalc-dims=\"1\" loading=\"lazy\" decoding=\"async\" width=\"800\" height=\"449\" data-id=\"12504\" src=\"https:\/\/i0.wp.com\/munipumanque.cl\/new\/wp-content\/uploads\/2024\/12\/concejo-ok1.jpg?resize=800%2C449&#038;ssl=1\" alt=\"\" class=\"wp-image-12504\" srcset=\"https:\/\/i0.wp.com\/munipumanque.cl\/new\/wp-content\/uploads\/2024\/12\/concejo-ok1.jpg?w=800&amp;ssl=1 800w, https:\/\/i0.wp.com\/munipumanque.cl\/new\/wp-content\/uploads\/2024\/12\/concejo-ok1.jpg?resize=768%2C431&amp;ssl=1 768w\" sizes=\"auto, (max-width: 800px) 100vw, 800px\" \/><\/figure>\n\n\n\n<figure class=\"wp-block-image size-large\"><img data-recalc-dims=\"1\" loading=\"lazy\" decoding=\"async\" width=\"800\" height=\"449\" data-id=\"12506\" src=\"https:\/\/i0.wp.com\/munipumanque.cl\/new\/wp-content\/uploads\/2024\/12\/c-cabrera-jurando.jpg?resize=800%2C449&#038;ssl=1\" alt=\"\" class=\"wp-image-12506\" srcset=\"https:\/\/i0.wp.com\/munipumanque.cl\/new\/wp-content\/uploads\/2024\/12\/c-cabrera-jurando.jpg?w=800&amp;ssl=1 800w, https:\/\/i0.wp.com\/munipumanque.cl\/new\/wp-content\/uploads\/2024\/12\/c-cabrera-jurando.jpg?resize=768%2C431&amp;ssl=1 768w\" sizes=\"auto, (max-width: 800px) 100vw, 800px\" \/><\/figure>\n\n\n\n<figure class=\"wp-block-image size-large\"><img data-recalc-dims=\"1\" loading=\"lazy\" decoding=\"async\" width=\"800\" height=\"449\" data-id=\"12508\" src=\"https:\/\/i0.wp.com\/munipumanque.cl\/new\/wp-content\/uploads\/2024\/12\/e-soto-jurando.jpg?resize=800%2C449&#038;ssl=1\" alt=\"\" class=\"wp-image-12508\" srcset=\"https:\/\/i0.wp.com\/munipumanque.cl\/new\/wp-content\/uploads\/2024\/12\/e-soto-jurando.jpg?w=800&amp;ssl=1 800w, https:\/\/i0.wp.com\/munipumanque.cl\/new\/wp-content\/uploads\/2024\/12\/e-soto-jurando.jpg?resize=768%2C431&amp;ssl=1 768w\" sizes=\"auto, (max-width: 800px) 100vw, 800px\" \/><\/figure>\n\n\n\n<figure class=\"wp-block-image size-large\"><img data-recalc-dims=\"1\" loading=\"lazy\" decoding=\"async\" width=\"800\" height=\"449\" data-id=\"12507\" src=\"https:\/\/i0.wp.com\/munipumanque.cl\/new\/wp-content\/uploads\/2024\/12\/jl-belmar-jurando.jpg?resize=800%2C449&#038;ssl=1\" alt=\"\" class=\"wp-image-12507\" srcset=\"https:\/\/i0.wp.com\/munipumanque.cl\/new\/wp-content\/uploads\/2024\/12\/jl-belmar-jurando.jpg?w=800&amp;ssl=1 800w, https:\/\/i0.wp.com\/munipumanque.cl\/new\/wp-content\/uploads\/2024\/12\/jl-belmar-jurando.jpg?resize=768%2C431&amp;ssl=1 768w\" sizes=\"auto, (max-width: 800px) 100vw, 800px\" \/><\/figure>\n\n\n\n<figure class=\"wp-block-image size-large\"><img data-recalc-dims=\"1\" loading=\"lazy\" decoding=\"async\" width=\"800\" height=\"449\" data-id=\"12505\" src=\"https:\/\/i0.wp.com\/munipumanque.cl\/new\/wp-content\/uploads\/2024\/12\/l-brito-jurando.jpg?resize=800%2C449&#038;ssl=1\" alt=\"\" class=\"wp-image-12505\" srcset=\"https:\/\/i0.wp.com\/munipumanque.cl\/new\/wp-content\/uploads\/2024\/12\/l-brito-jurando.jpg?w=800&amp;ssl=1 800w, https:\/\/i0.wp.com\/munipumanque.cl\/new\/wp-content\/uploads\/2024\/12\/l-brito-jurando.jpg?resize=768%2C431&amp;ssl=1 768w\" sizes=\"auto, (max-width: 800px) 100vw, 800px\" \/><\/figure>\n\n\n\n<figure class=\"wp-block-image size-large\"><img data-recalc-dims=\"1\" loading=\"lazy\" decoding=\"async\" width=\"800\" height=\"449\" data-id=\"12510\" src=\"https:\/\/i0.wp.com\/munipumanque.cl\/new\/wp-content\/uploads\/2024\/12\/m-carreno-jurando.jpg?resize=800%2C449&#038;ssl=1\" alt=\"\" class=\"wp-image-12510\" srcset=\"https:\/\/i0.wp.com\/munipumanque.cl\/new\/wp-content\/uploads\/2024\/12\/m-carreno-jurando.jpg?w=800&amp;ssl=1 800w, https:\/\/i0.wp.com\/munipumanque.cl\/new\/wp-content\/uploads\/2024\/12\/m-carreno-jurando.jpg?resize=768%2C431&amp;ssl=1 768w\" sizes=\"auto, (max-width: 800px) 100vw, 800px\" \/><\/figure>\n\n\n\n<figure class=\"wp-block-image size-large\"><img data-recalc-dims=\"1\" loading=\"lazy\" decoding=\"async\" width=\"800\" height=\"449\" data-id=\"12509\" src=\"https:\/\/i0.wp.com\/munipumanque.cl\/new\/wp-content\/uploads\/2024\/12\/w-jorquera-jurando.jpg?resize=800%2C449&#038;ssl=1\" alt=\"\" class=\"wp-image-12509\" srcset=\"https:\/\/i0.wp.com\/munipumanque.cl\/new\/wp-content\/uploads\/2024\/12\/w-jorquera-jurando.jpg?w=800&amp;ssl=1 800w, https:\/\/i0.wp.com\/munipumanque.cl\/new\/wp-content\/uploads\/2024\/12\/w-jorquera-jurando.jpg?resize=768%2C431&amp;ssl=1 768w\" sizes=\"auto, (max-width: 800px) 100vw, 800px\" \/><\/figure>\n<\/figure>\n","protected":false},"excerpt":{"rendered":"En una republicana, solemne y concurrida ceremonia, este seis de diciembre asumi\u00f3 el Concejo Municipal 2024-2028 de la comuna de Pumanque, el que estar\u00e1 presidido por el Alcalde Gonzalo Baraona [&hellip;]","protected":false},"author":10,"featured_media":12504,"comment_status":"closed","ping_status":"closed","sticky":false,"template":"","format":"standard","meta":{"ngg_post_thumbnail":0,"footnotes":""},"categories":[8],"tags":[],"class_list":["post-12516","post","type-post","status-publish","format-standard","has-post-thumbnail","hentry","category-noticias"],"aioseo_notices":[],"jetpack_featured_media_url":"https:\/\/i0.wp.com\/munipumanque.cl\/new\/wp-content\/uploads\/2024\/12\/concejo-ok1.jpg?fit=800%2C449&ssl=1","_links":{"self":[{"href":"https:\/\/munipumanque.cl\/new\/wp-json\/wp\/v2\/posts\/12516","targetHints":{"allow":["GET"]}}],"collection":[{"href":"https:\/\/munipumanque.cl\/new\/wp-json\/wp\/v2\/posts"}],"about":[{"href":"https:\/\/munipumanque.cl\/new\/wp-json\/wp\/v2\/types\/post"}],"author":[{"embeddable":true,"href":"https:\/\/munipumanque.cl\/new\/wp-json\/wp\/v2\/users\/10"}],"replies":[{"embeddable":true,"href":"https:\/\/munipumanque.cl\/new\/wp-json\/wp\/v2\/comments?post=12516"}],"version-history":[{"count":1,"href":"https:\/\/munipumanque.cl\/new\/wp-json\/wp\/v2\/posts\/12516\/revisions"}],"predecessor-version":[{"id":12517,"href":"https:\/\/munipumanque.cl\/new\/wp-json\/wp\/v2\/posts\/12516\/revisions\/12517"}],"wp:featuredmedia":[{"embeddable":true,"href":"https:\/\/munipumanque.cl\/new\/wp-json\/wp\/v2\/media\/12504"}],"wp:attachment":[{"href":"https:\/\/munipumanque.cl\/new\/wp-json\/wp\/v2\/media?parent=12516"}],"wp:term":[{"taxonomy":"category","embeddable":true,"href":"https:\/\/munipumanque.cl\/new\/wp-json\/wp\/v2\/categories?post=12516"},{"taxonomy":"post_tag","embeddable":true,"href":"https:\/\/munipumanque.cl\/new\/wp-json\/wp\/v2\/tags?post=12516"}],"curies":[{"name":"wp","href":"https:\/\/api.w.org\/{rel}","templated":true}]}}